

{"id":14966,"date":"2025-01-22T09:37:00","date_gmt":"2025-01-22T08:37:00","guid":{"rendered":"https:\/\/www.smartloc.fr\/blog\/?p=14966"},"modified":"2025-01-22T14:33:38","modified_gmt":"2025-01-22T13:33:38","slug":"liste-references-encadrement-loyers","status":"publish","type":"post","link":"https:\/\/www.smartloc.fr\/blog\/liste-references-encadrement-loyers\/","title":{"rendered":"Liste des r\u00e9f\u00e9rences pour l&rsquo;encadrement des loyers"},"content":{"rendered":"<p>Voici la liste des sites permettant de r\u00e9cup\u00e9rer les valeurs d&rsquo;encadrement des loyers :<\/p>\n<ul>\n<li><a href=\"http:\/\/www.referenceloyer.drihl.ile-de-france.developpement-durable.gouv.fr\/\">Paris intra-muros &#8211; r\u00e9activ\u00e9 le 01\/07\/2019<\/a><\/li>\n<li><a href=\"http:\/\/www.referenceloyer.drihl.ile-de-france.developpement-durable.gouv.fr\/\">Agglom\u00e9ration de Plaine commune &#8211; depuis le 01\/06\/2021<\/a>\n<ul>\n<li>Aubervilliers<\/li>\n<li>\u00c9pinay-sur-Seine<\/li>\n<li>L&rsquo;\u00cele-Saint-Denis<\/li>\n<li>La Courneuve<\/li>\n<li>Pierrefitte-sur-Seine<\/li>\n<li>Saint-Denis<\/li>\n<li>Saint-Ouen<\/li>\n<li>Stains<\/li>\n<li>Villetaneuse<\/li>\n<\/ul>\n<\/li>\n<li><a href=\"http:\/\/www.referenceloyer.drihl.ile-de-france.developpement-durable.gouv.fr\/\">Agglom\u00e9ration Est Ensemble &#8211; depuis le 01\/12\/2021<\/a>\n<ul>\n<li>Bagnolet<\/li>\n<li>Bobigny<\/li>\n<li>Bondy<\/li>\n<li>Le Pr\u00e9-Saint-Gervais<\/li>\n<li>Les Lilas<\/li>\n<li>Montreuil<\/li>\n<li>Noisy-le-Sec<\/li>\n<li>Pantin<\/li>\n<li>Romainville<\/li>\n<\/ul>\n<\/li>\n<li><a href=\"https:\/\/ssilab-ddtm-encadrement-loyers-33.webself.net\/accueil\">Agglom\u00e9ration de Lille &#8211; depuis le 01\/03\/2020<\/a>\n<ul>\n<li>Lille<\/li>\n<li>Hellemmes<\/li>\n<li>Lomme<\/li>\n<\/ul>\n<\/li>\n<li><a href=\"https:\/\/demarches.toodego.com\/logement\/encadrement-des-loyers\/\">Lyon + Villeurbanne &#8211; depuis le 01\/11\/2021<\/a><\/li>\n<li><a href=\"https:\/\/eservices.montpellier3m.fr\/habitat\/encadrement-des-loyers\/\">Montpellier depuis le 01\/7\/2022<\/a><\/li>\n<li><a href=\"https:\/\/simulateur-loyer.bordeaux-metropole.fr\/\">Bordeaux depuis le 15\/07\/2022<\/a><\/li>\n<li><a href=\"https:\/\/geobasque.communaute-paysbasque.fr\/adws\/app\/dad90ce2-8b10-11ef-b6f8-3d530512f88c\/index.html?dummy=1729177715102\">Communaut\u00e9 d&rsquo;Agglom\u00e9ration Pays Basque &#8211; \u00e0 partir du 25\/11\/2024<\/a>\n<ul>\n<li>Ahetze<\/li>\n<li>Anglet<\/li>\n<li>Arbonne<\/li>\n<li>Arcangues<\/li>\n<li>Ascain<\/li>\n<li>Bassussarry<\/li>\n<li>Bayonne<\/li>\n<li>Biarritz<\/li>\n<li>Bidart<\/li>\n<li>Biriatou<\/li>\n<li>Boucau<\/li>\n<li>Ciboure<\/li>\n<li>Gu\u00e9thary<\/li>\n<li>Hendaye<\/li>\n<li>Jatxou<\/li>\n<li>Lahonce<\/li>\n<li>Larressore<\/li>\n<li>Mouguerre<\/li>\n<li>Saint-Jean-de-Luz<\/li>\n<li>Saint-Pierre-d&rsquo;Irube<\/li>\n<li>Urcuit<\/li>\n<li>Urrugne<\/li>\n<li>Ustaritz<\/li>\n<li>Villefranque<\/li>\n<\/ul>\n<\/li>\n<li><a href=\"https:\/\/www.grenoblealpesmetropole.fr\/940-me-renseigner-sur-l-encadrement-des-loyers.htm#par9683\">Grenoble Alpes M\u00e9tropole &#8211; depuis le 20\/01\/2025<\/a>\n<ul>\n<li>Fontanil-Cornillon<\/li>\n<li>La Tronche<\/li>\n<li>Meylan<\/li>\n<li>Dom\u00e8ne<\/li>\n<li>Murianette<\/li>\n<li>Venon<\/li>\n<li>Gi\u00e8res<\/li>\n<li>Seyssins<\/li>\n<li>Eybens<\/li>\n<li>Poisat<\/li>\n<li>Bresson<\/li>\n<li>Varces-Alli\u00e8res-et-Risset<\/li>\n<li>Saint-Egr\u00e8ve<\/li>\n<li>Sassenage<\/li>\n<li>Fontaine<\/li>\n<li>Grenoble<\/li>\n<li>Saint-Martin-d&rsquo;H\u00e8res<\/li>\n<li>Seyssinet-Pariset<\/li>\n<li>\u00c9chirolles<\/li>\n<li>Pont-de-Claix<\/li>\n<\/ul>\n<\/li>\n<\/ul>\n<p>Pour plus d&rsquo;informations sur le sujet, consultez notre <a href=\"https:\/\/www.smartloc.fr\/blog\/encadrement-des-loyers\/\">guide complet sur l&rsquo;encadrement des loyers<\/a>.<\/p>\n","protected":false},"excerpt":{"rendered":"<p>Voici la liste des sites permettant de r\u00e9cup\u00e9rer les valeurs d&rsquo;encadrement des loyers : Paris intra-muros &#8211; r\u00e9activ\u00e9 le 01\/07\/2019 Agglom\u00e9ration de Plaine commune &#8211; depuis le 01\/06\/2021 Aubervilliers \u00c9pinay-sur-Seine L&rsquo;\u00cele-Saint-Denis La Courneuve Pierrefitte-sur-Seine Saint-Denis Saint-Ouen Stains Villetaneuse Agglom\u00e9ration Est Ensemble &#8211; depuis le 01\/12\/2021 Bagnolet Bobigny Bondy Le Pr\u00e9-Saint-Gervais Les Lilas Montreuil Noisy-le-Sec Pantin [&hellip;]<\/p>\n","protected":false},"author":1,"featured_media":0,"comment_status":"open","ping_status":"open","sticky":false,"template":"","format":"standard","meta":[],"categories":[84,90],"tags":[120,118,119,117,121,122],"_links":{"self":[{"href":"https:\/\/www.smartloc.fr\/blog\/wp-json\/wp\/v2\/posts\/14966"}],"collection":[{"href":"https:\/\/www.smartloc.fr\/blog\/wp-json\/wp\/v2\/posts"}],"about":[{"href":"https:\/\/www.smartloc.fr\/blog\/wp-json\/wp\/v2\/types\/post"}],"author":[{"embeddable":true,"href":"https:\/\/www.smartloc.fr\/blog\/wp-json\/wp\/v2\/users\/1"}],"replies":[{"embeddable":true,"href":"https:\/\/www.smartloc.fr\/blog\/wp-json\/wp\/v2\/comments?post=14966"}],"version-history":[{"count":23,"href":"https:\/\/www.smartloc.fr\/blog\/wp-json\/wp\/v2\/posts\/14966\/revisions"}],"predecessor-version":[{"id":23678,"href":"https:\/\/www.smartloc.fr\/blog\/wp-json\/wp\/v2\/posts\/14966\/revisions\/23678"}],"wp:attachment":[{"href":"https:\/\/www.smartloc.fr\/blog\/wp-json\/wp\/v2\/media?parent=14966"}],"wp:term":[{"taxonomy":"category","embeddable":true,"href":"https:\/\/www.smartloc.fr\/blog\/wp-json\/wp\/v2\/categories?post=14966"},{"taxonomy":"post_tag","embeddable":true,"href":"https:\/\/www.smartloc.fr\/blog\/wp-json\/wp\/v2\/tags?post=14966"}],"curies":[{"name":"wp","href":"https:\/\/api.w.org\/{rel}","templated":true}]}}